{"id":5997,"date":"2024-12-11T10:01:43","date_gmt":"2024-12-11T09:01:43","guid":{"rendered":"https:\/\/www.aef.nu\/?p=5997"},"modified":"2024-12-11T10:01:44","modified_gmt":"2024-12-11T09:01:44","slug":"granskning-av-bostader-vid-langedrags-batvarv","status":"publish","type":"post","link":"https:\/\/www.aef.nu\/?p=5997","title":{"rendered":"Granskning av bost\u00e4der vid L\u00e5ngedrags b\u00e5tvarv"},"content":{"rendered":"\n<h2 class=\"wp-block-heading\">Fr\u00e5n G\u00f6teborgs kommun har vi f\u00e5tt f\u00f6ljande:<\/h2>\n\n\n\n<h2 class=\"wp-block-heading\"><strong>F\u00f6rslag till ny Detaljplan f\u00f6r bost\u00e4der vid L\u00e5ngedrags b\u00e5tvarv inom stadsdelen \u00c4lvsborg<\/strong><\/h2>\n\n\n\n<p>Stadsbyggnadsn\u00e4mnden beslutade den 19 november 2024 att rubricerat \u00e4rende ska st\u00e4llas ut f\u00f6r granskning. Stadsbyggnadsn\u00e4mnden har l\u00e5tit uppr\u00e4ttat ett f\u00f6rslag f\u00f6r rubricerat \u00e4rende. G\u00f6teborgs Stad har genomf\u00f6rt en omorganisation vid \u00e5rsskiftet 2022\/2023. Detta \u00e4rende hade fram till 2022-12-31 diarienummer 0921\/21 hos Stadsbyggnadskontoret. Sedan 2023-01-01 hanteras \u00e4rendet ist\u00e4llet av Stadsbyggnadsf\u00f6rvaltningen med nytt diarienummer: SBF-2023-00105. Detaljplanen \u00e4r uppr\u00e4ttad med ut\u00f6kat planf\u00f6rfarande enligt PBL (2010:900, SFS 2010:900).<\/p>\n\n\n\n<h1 class=\"wp-block-heading\">Underr\u00e4ttelse om granskning<\/h1>\n\n\n\n<p><a>Kommunen har tagit fram ett f\u00f6rslag till en ny detaljplan.&nbsp;<\/a>Detaljplanen avser fastigheten \u00c4lvsborg 855:125 och del av fastigheten \u00c4lvsborg 855:316 i L\u00e5ngedrag inom stadsdelen \u00c4lvsborg i v\u00e4stra G\u00f6teborg. Omr\u00e5det angr\u00e4nsar till vattnet och G\u00f6teborgs Kungl. Segels\u00e4llskaps (GKSS) hamn i norr och v\u00e4ster och till befintligt villaomr\u00e5de i s\u00f6der. F\u00f6rslaget till detaljplan inneb\u00e4r kortfattat att bostadsbebyggelse kan uppf\u00f6ras inom en fastighet som idag nyttjas till verksamhet. Planen m\u00f6jligg\u00f6r bebyggelse inneh\u00e5llande cirka 27 bost\u00e4der i radhus, parhus och friliggande villor i en till tv\u00e5 v\u00e5ningar. Ut\u00f6ver bost\u00e4der inneb\u00e4r planen anl\u00e4ggande av en kajpromenad, en komplementbyggnad till hamnverksamheten och ett str\u00e5k genom planomr\u00e5det.&nbsp;&nbsp;&nbsp;&nbsp;&nbsp;&nbsp;<\/p>\n\n\n\n<p>G\u00e4llande \u00f6versiktsplan anger verksamhetsomr\u00e5de, mindre hamn, f\u00f6r planomr\u00e5det. Detaljplanen anger anv\u00e4ndningen bostadsomr\u00e5de och sm\u00e5b\u00e5tshamn, vilket delvis strider mot \u00f6versiktsplanens redovisning. I detaljplanearbetet har det bed\u00f6mts vara motiverat att avvika fr\u00e5n \u00f6versiktsplanens markanv\u00e4ndningskarta, eftersom \u00f6versiktsplanens intentioner om att v\u00e4rna sm\u00e5b\u00e5tshamnar m\u00f6jligg\u00f6rs genom anv\u00e4ndningsbest\u00e4mmelsen \u201dSm\u00e5b\u00e5tshamn\u201d i plankartan, vid sidan om tillkommande byggr\u00e4tter f\u00f6r bostads\u00e4ndam\u00e5l.<\/p>\n\n\n\n<p><strong>Tiden f\u00f6r granskningen\/utst\u00e4llningen \u00e4r: 11 december 2024 \u2013 14 januari 2025.<\/strong><\/p>\n\n\n\n<p>Planf\u00f6rslaget, med tillh\u00f6rande underlag, finns p\u00e5 G\u00f6teborgs Stads hemsida&nbsp;<a href=\"http:\/\/goteborg.se\/planochbyggprojekt\">http:\/\/goteborg.se\/planochbyggprojekt<\/a>.<\/p>\n\n\n\n<p>Under granskningstiden finns planf\u00f6rslaget utst\u00e4llt p\u00e5&nbsp;<a>Stadsbiblioteket, G\u00f6taplatsen 3, med \u00f6ppettider m\u00e5ndag-fredag kl. 08.00-20.00 och l\u00f6rdag-s\u00f6ndag kl.10.00-18.00. Andra \u00f6ppettider kan f\u00f6rekomma i samband med sommar och \u00f6vriga helgdagar.<\/a><\/p>\n\n\n\n<p>Syftet med granskningen \u00e4r att visa det bearbetade planf\u00f6rslag som kommunen har f\u00f6r avsikt att anta och samtidigt ge ber\u00f6rda intressenter en slutlig m\u00f6jlighet att l\u00e4mna synpunkter<em>.<\/em><\/p>\n\n\n\n<p>Den som vill l\u00e4mna synpunkter p\u00e5 f\u00f6rslaget ska g\u00f6ra det under granskningstiden. Synpunkter p\u00e5 f\u00f6rslaget skickas skriftligt till Stadsbyggnadsn\u00e4mnden, Box 2554, 403&nbsp;17 G\u00f6teborg, via e-post till&nbsp;<a href=\"mailto:stadsbyggnad@stadsbyggnad.goteborg.se\">stadsbyggnad@stadsbyggnad.goteborg.se<\/a>&nbsp;eller l\u00e4mnas via synpunktshanterare p\u00e5 stadens hemsida&nbsp;<strong>senast den 14 januari 2025<\/strong>. Synpunkterna m\u00e4rks med diarienummer SBF-2023-00105. Ange namn och adress eller fastighetsbeteckning s\u00e5 att det framg\u00e5r vem som skickat synpunkterna. I ert svar ska samtliga synpunkter som avses p\u00e5verka planf\u00f6rslaget framg\u00e5 tydligt.<\/p>\n\n\n\n<p>Fastighets\u00e4gare ombeds meddela hyresg\u00e4ster, inneboende, eller ny \u00e4gare etc. om handlingarna.<\/p>\n\n\n\n<p>Den som inte senast den 14 januari 2025 framf\u00f6rt skriftliga synpunkter p\u00e5 f\u00f6rslaget kan f\u00f6rlora r\u00e4tten att \u00f6verklaga beslut att anta planen.<\/p>\n\n\n\n<p>Information om f\u00f6rslaget kan l\u00e4mnas av:<\/p>\n\n\n\n<p>\u00b7&nbsp;&nbsp;&nbsp;&nbsp;&nbsp;&nbsp;&nbsp;&nbsp;Anders Dahlgren, Stadsbyggnadsf\u00f6rvaltningen, tfn 031-368 18 90<\/p>\n\n\n\n<p>\u00b7&nbsp;&nbsp;&nbsp;&nbsp;&nbsp;&nbsp;&nbsp;&nbsp;Martin Norvenius, Stadsbyggnadsf\u00f6rvaltningen, tfn 031-368 17 62<\/p>\n\n\n\n<p>\u00b7&nbsp;&nbsp;&nbsp;&nbsp;&nbsp;&nbsp;&nbsp;&nbsp;Karl Falck, Exploateringsf\u00f6rvaltningen, tfn 031-368 12 85<\/p>\n\n\n\n<p>\u00b7&nbsp;&nbsp;&nbsp;&nbsp;&nbsp;&nbsp;&nbsp;&nbsp;Kim Alm, Exploateringsf\u00f6rvaltningen, tfn 031-368 24 94<\/p>\n\n\n\n<p>De synpunkter som skickades in under samr\u00e5det finns samlade och kommenterats i samr\u00e5dsredog\u00f6relsen.<\/p>\n\n\n\n<p>De synpunkter som skickats in under granskningstiden kommer att analyseras, sammanfattas och kommenteras i ett granskningsutl\u00e5tande. Utl\u00e5tandet blir offentlig innan beslut om antagande av detaljplanen och kommer att publiceras p\u00e5 kommunens webbplats. Underr\u00e4ttelse om utl\u00e5tande kommer att annonseras eller skickas till dem som framf\u00f6rt synpunkter som inte tillgodoses.<\/p>\n\n\n\n<p>Med v\u00e4nlig h\u00e4lsning<\/p>\n\n\n\n<p>Anders Dahlgren<br>Planarkitekt<\/p>\n","protected":false},"excerpt":{"rendered":"<p>Fr\u00e5n G\u00f6teborgs kommun har vi f\u00e5tt f\u00f6ljande: F\u00f6rslag till ny Detaljplan f\u00f6r bost\u00e4der vid L\u00e5ngedrags b\u00e5tvarv inom stadsdelen \u00c4lvsborg Stadsbyggnadsn\u00e4mnden beslutade den 19 november 2024 att rubricerat \u00e4rende ska st\u00e4llas ut f\u00f6r granskning. Stadsbyggnadsn\u00e4mnden har l\u00e5tit uppr\u00e4ttat ett f\u00f6rslag f\u00f6r rubricerat \u00e4rende. G\u00f6teborgs Stad har genomf\u00f6rt en omorganisation vid \u00e5rsskiftet 2022\/2023. Detta \u00e4rende hade fram [&hellip;]<\/p>\n","protected":false},"author":1,"featured_media":0,"comment_status":"closed","ping_status":"open","sticky":false,"template":"","format":"standard","meta":{"footnotes":""},"categories":[1],"tags":[],"class_list":["post-5997","post","type-post","status-publish","format-standard","hentry","category-uncategorized"],"_links":{"self":[{"href":"https:\/\/www.aef.nu\/index.php?rest_route=\/wp\/v2\/posts\/5997","targetHints":{"allow":["GET"]}}],"collection":[{"href":"https:\/\/www.aef.nu\/index.php?rest_route=\/wp\/v2\/posts"}],"about":[{"href":"https:\/\/www.aef.nu\/index.php?rest_route=\/wp\/v2\/types\/post"}],"author":[{"embeddable":true,"href":"https:\/\/www.aef.nu\/index.php?rest_route=\/wp\/v2\/users\/1"}],"replies":[{"embeddable":true,"href":"https:\/\/www.aef.nu\/index.php?rest_route=%2Fwp%2Fv2%2Fcomments&post=5997"}],"version-history":[{"count":1,"href":"https:\/\/www.aef.nu\/index.php?rest_route=\/wp\/v2\/posts\/5997\/revisions"}],"predecessor-version":[{"id":6000,"href":"https:\/\/www.aef.nu\/index.php?rest_route=\/wp\/v2\/posts\/5997\/revisions\/6000"}],"wp:attachment":[{"href":"https:\/\/www.aef.nu\/index.php?rest_route=%2Fwp%2Fv2%2Fmedia&parent=5997"}],"wp:term":[{"taxonomy":"category","embeddable":true,"href":"https:\/\/www.aef.nu\/index.php?rest_route=%2Fwp%2Fv2%2Fcategories&post=5997"},{"taxonomy":"post_tag","embeddable":true,"href":"https:\/\/www.aef.nu\/index.php?rest_route=%2Fwp%2Fv2%2Ftags&post=5997"}],"curies":[{"name":"wp","href":"https:\/\/api.w.org\/{rel}","templated":true}]}}