{"id":4253,"date":"2022-05-06T11:22:16","date_gmt":"2022-05-06T09:22:16","guid":{"rendered":"https:\/\/www.aef.nu\/?p=4253"},"modified":"2022-05-06T11:22:16","modified_gmt":"2022-05-06T09:22:16","slug":"toredamm-aef-svarar-pa-kommunens-inlaga-till-mmd","status":"publish","type":"post","link":"https:\/\/www.aef.nu\/?p=4253","title":{"rendered":"Toredamm: \u00c4EF svarar p\u00e5 kommunens inlaga till MMD"},"content":{"rendered":"<p>\u00c4EF skickade den 7 april ett genm\u00e4le till MMD. Detta syftade till att vederl\u00e4gga en del osakligheter och p\u00e5st\u00e5enden i kommunens inl\u00e4gg till MMD. Hela genm\u00e4let finns p\u00e5 <a href=\"https:\/\/www.aef.nu\/?page_id=184\">Toredammsidan<\/a>.<\/p>\n","protected":false},"excerpt":{"rendered":"<p>\u00c4EF skickade den 7 april ett genm\u00e4le till MMD. Detta syftade till att vederl\u00e4gga en del osakligheter och p\u00e5st\u00e5enden i kommunens inl\u00e4gg till MMD. Hela genm\u00e4let finns p\u00e5 Toredammsidan.<\/p>\n","protected":false},"author":3,"featured_media":0,"comment_status":"closed","ping_status":"open","sticky":false,"template":"","format":"standard","meta":{"footnotes":""},"categories":[1],"tags":[],"class_list":["post-4253","post","type-post","status-publish","format-standard","hentry","category-uncategorized"],"_links":{"self":[{"href":"https:\/\/www.aef.nu\/index.php?rest_route=\/wp\/v2\/posts\/4253","targetHints":{"allow":["GET"]}}],"collection":[{"href":"https:\/\/www.aef.nu\/index.php?rest_route=\/wp\/v2\/posts"}],"about":[{"href":"https:\/\/www.aef.nu\/index.php?rest_route=\/wp\/v2\/types\/post"}],"author":[{"embeddable":true,"href":"https:\/\/www.aef.nu\/index.php?rest_route=\/wp\/v2\/users\/3"}],"replies":[{"embeddable":true,"href":"https:\/\/www.aef.nu\/index.php?rest_route=%2Fwp%2Fv2%2Fcomments&post=4253"}],"version-history":[{"count":1,"href":"https:\/\/www.aef.nu\/index.php?rest_route=\/wp\/v2\/posts\/4253\/revisions"}],"predecessor-version":[{"id":4256,"href":"https:\/\/www.aef.nu\/index.php?rest_route=\/wp\/v2\/posts\/4253\/revisions\/4256"}],"wp:attachment":[{"href":"https:\/\/www.aef.nu\/index.php?rest_route=%2Fwp%2Fv2%2Fmedia&parent=4253"}],"wp:term":[{"taxonomy":"category","embeddable":true,"href":"https:\/\/www.aef.nu\/index.php?rest_route=%2Fwp%2Fv2%2Fcategories&post=4253"},{"taxonomy":"post_tag","embeddable":true,"href":"https:\/\/www.aef.nu\/index.php?rest_route=%2Fwp%2Fv2%2Ftags&post=4253"}],"curies":[{"name":"wp","href":"https:\/\/api.w.org\/{rel}","templated":true}]}}